{"id":801,"date":"2017-05-17T10:50:13","date_gmt":"2017-05-17T08:50:13","guid":{"rendered":"http:\/\/www.ongmisol.org\/1a-kermesse-vinto\/"},"modified":"2018-02-16T11:59:09","modified_gmt":"2018-02-16T09:59:09","slug":"1a-kermesse-vinto","status":"publish","type":"post","link":"https:\/\/www.misolfranciscanas.org\/ca\/1a-kermesse-vinto\/","title":{"rendered":"1\u00aa Kermesse de Vinto"},"content":{"rendered":"<p>Diumenge, dia 14 de maig, la Fundaci\u00f3 Nova Llum va celebrar amb molta alegria la primera Kermesse del curs 2017. Va ser una jornada de molta animaci\u00f3, i hi va haver una gran participaci\u00f3 per part de pares, educadors, nens i joves.<br \/>\n<!--more--><\/p>\n<p>Destacant la valuosa col\u00b7laboraci\u00f3 de les fam\u00edlies, de les Educadores, Sra Maria i fam\u00edlia, el mateix que les nostres joves en Formaci\u00f3. Vam recon\u00e8ixer tamb\u00e9 una pres\u00e8ncia destacada del Moviment Just\u00edcia i Pau de Cochabamba i de la capella del Carmel. Qui comparteix el que t\u00e9, poc o molt, experimenta a D\u00e9u acompanyant el seu cam\u00ed i comprova que, molts poquets fan un tot.<\/p>\n<p>Aqu\u00ed deixem algunes fotos de l&#8217;esdeveniment.<\/p>\n<p style=\"text-align: center;\"><img decoding=\"async\" class=\"alignnone wp-image-798 size-full lazyload\" data-src=\"https:\/\/www.misolfranciscanas.org\/wp-content\/uploads\/2017\/05\/1\u00aa-Kermesse-de-Vinto.jpg\" alt=\"1\u00aa Kermesse de Vinto\" width=\"800\" height=\"600\" data-srcset=\"https:\/\/www.misolfranciscanas.org\/wp-content\/uploads\/2017\/05\/1\u00aa-Kermesse-de-Vinto.jpg 800w, https:\/\/www.misolfranciscanas.org\/wp-content\/uploads\/2017\/05\/1\u00aa-Kermesse-de-Vinto-300x225.jpg 300w, https:\/\/www.misolfranciscanas.org\/wp-content\/uploads\/2017\/05\/1\u00aa-Kermesse-de-Vinto-768x576.jpg 768w, https:\/\/www.misolfranciscanas.org\/wp-content\/uploads\/2017\/05\/1\u00aa-Kermesse-de-Vinto-600x450.jpg 600w\" data-sizes=\"(max-width: 800px) 100vw, 800px\" src=\"data:image\/gif;base64,R0lGODlhAQABAAAAACH5BAEKAAEALAAAAAABAAEAAAICTAEAOw==\" style=\"--smush-placeholder-width: 800px; --smush-placeholder-aspect-ratio: 800\/600;\" \/><img decoding=\"async\" class=\"alignnone wp-image-803 size-full lazyload\" data-src=\"https:\/\/www.misolfranciscanas.org\/wp-content\/uploads\/2017\/05\/1\u00aa-Kermesse-de-Vinto.jpeg\" alt=\"\" width=\"800\" height=\"600\" data-srcset=\"https:\/\/www.misolfranciscanas.org\/wp-content\/uploads\/2017\/05\/1\u00aa-Kermesse-de-Vinto.jpeg 800w, https:\/\/www.misolfranciscanas.org\/wp-content\/uploads\/2017\/05\/1\u00aa-Kermesse-de-Vinto-300x225.jpeg 300w, https:\/\/www.misolfranciscanas.org\/wp-content\/uploads\/2017\/05\/1\u00aa-Kermesse-de-Vinto-768x576.jpeg 768w, https:\/\/www.misolfranciscanas.org\/wp-content\/uploads\/2017\/05\/1\u00aa-Kermesse-de-Vinto-600x450.jpeg 600w\" data-sizes=\"(max-width: 800px) 100vw, 800px\" src=\"data:image\/gif;base64,R0lGODlhAQABAAAAACH5BAEKAAEALAAAAAABAAEAAAICTAEAOw==\" style=\"--smush-placeholder-width: 800px; --smush-placeholder-aspect-ratio: 800\/600;\" \/><\/p>\n","protected":false},"excerpt":{"rendered":"<p>Diumenge, dia 14 de maig, la Fundaci\u00f3 Nova Llum va celebrar amb molta alegria la primera Kermesse del curs 2017. Va ser una jornada de molta animaci\u00f3, i hi va haver una gran participaci\u00f3 per part de pares, educadors, nens i joves.<\/p>\n","protected":false},"author":4,"featured_media":798,"comment_status":"closed","ping_status":"open","sticky":false,"template":"","format":"standard","meta":{"_acf_changed":false,"_genesis_hide_title":false,"_genesis_hide_breadcrumbs":false,"_genesis_hide_singular_image":false,"_genesis_hide_footer_widgets":false,"_genesis_custom_body_class":"","_genesis_custom_post_class":"","_genesis_layout":"","footnotes":""},"categories":[2],"tags":[],"class_list":{"0":"post-801","1":"post","2":"type-post","3":"status-publish","4":"format-standard","5":"has-post-thumbnail","7":"category-noticies","8":"entry"},"acf":[],"_links":{"self":[{"href":"https:\/\/www.misolfranciscanas.org\/ca\/wp-json\/wp\/v2\/posts\/801\/"}],"collection":[{"href":"https:\/\/www.misolfranciscanas.org\/ca\/wp-json\/wp\/v2\/posts\/"}],"about":[{"href":"https:\/\/www.misolfranciscanas.org\/ca\/wp-json\/wp\/v2\/types\/post\/"}],"author":[{"embeddable":true,"href":"https:\/\/www.misolfranciscanas.org\/ca\/wp-json\/wp\/v2\/users\/4\/"}],"replies":[{"embeddable":true,"href":"https:\/\/www.misolfranciscanas.org\/ca\/wp-json\/wp\/v2\/comments\/?post=801"}],"version-history":[{"count":0,"href":"https:\/\/www.misolfranciscanas.org\/ca\/wp-json\/wp\/v2\/posts\/801\/revisions\/"}],"wp:featuredmedia":[{"embeddable":true,"href":"https:\/\/www.misolfranciscanas.org\/ca\/wp-json\/wp\/v2\/media\/798\/"}],"wp:attachment":[{"href":"https:\/\/www.misolfranciscanas.org\/ca\/wp-json\/wp\/v2\/media\/?parent=801"}],"wp:term":[{"taxonomy":"category","embeddable":true,"href":"https:\/\/www.misolfranciscanas.org\/ca\/wp-json\/wp\/v2\/categories\/?post=801"},{"taxonomy":"post_tag","embeddable":true,"href":"https:\/\/www.misolfranciscanas.org\/ca\/wp-json\/wp\/v2\/tags\/?post=801"}],"curies":[{"name":"wp","href":"https:\/\/api.w.org\/{rel}","templated":true}]}}