{"id":663,"date":"2017-03-16T22:39:40","date_gmt":"2017-03-16T20:39:40","guid":{"rendered":"http:\/\/www.ongmisol.org\/ca\/comunicado-misol-ong-las-franciscanas-hijas-la-misericordia-mallorca-misionera-obispado-mallorca-inundaciones-trujillo\/"},"modified":"2018-02-16T12:15:16","modified_gmt":"2018-02-16T10:15:16","slug":"comunicado-misol-ong-las-franciscanas-hijas-la-misericordia-mallorca-misionera-obispado-mallorca-inundaciones-trujillo","status":"publish","type":"post","link":"https:\/\/www.misolfranciscanas.org\/ca\/comunicado-misol-ong-las-franciscanas-hijas-la-misericordia-mallorca-misionera-obispado-mallorca-inundaciones-trujillo\/","title":{"rendered":"Comunicat de MISOL-ONG de les Franciscanes Filles de la Miseric\u00f2rdia i Mallorca Missionera (Bisbat de Mallorca) &#8211; Inundacions a Trujillo"},"content":{"rendered":"<p>Moltes fam\u00edlies del col\u00b7legi de les Germanes Franciscanes de la Miseric\u00f2rdia &#8220;El Miracle&#8221; a Trujillo, un dels projectes de MISOL a Per\u00fa, han estat greument damnificades amb motiu de la riuada d&#8217;aigua, fang i pedres provocada per pluges torrencials i el desbordament de la Trencada (Le\u00f3n Dormido).<\/p>\n<p><!--more--><\/p>\n<p>Les autoritats ja han informat que es tracta de les pitjors pluges dels darrers 50 anys i els danys que estan generant encara no es poden avaluar. S&#8217;ha decretat la suspensi\u00f3 de classes fins nou albiro, tant per seguretat per als alumnes i les seves fam\u00edlies, com per la impossibilitat d&#8217;obrir la majoria de centres escolars que troben totalment destrossats.<\/p>\n<p>En paraules de Conchi Garc\u00eda Ca\u00f1ada, una de les germanes &#8220;&#8230; estem molt preocupades i tristos davant tantes fam\u00edlies afectades &#8230; no s\u00e9 qu\u00e8 farem, ni com ajudar davant tal desastre &#8230;&#8221;.<\/p>\n<p>Llocs en comunicaci\u00f3 amb els altres missioners mallorquins del Per\u00fa podem assegurar que s&#8217;encuntran b\u00e9. Les Agustines de l&#8217;Empar, Germanes de la Caritat, Religioses Trinit\u00e0ries, Franciscans de la TOR i sacerdots diocesans estan disposades a donar-ho tot. Nosaltres des d&#8217;aqu\u00ed tamb\u00e9 podem ajudar. Col\u00b7labora amb nosaltres perqu\u00e8 puguin tornar a la normalitat el m\u00e9s aviat possible. Pots fer-ho mitjan\u00e7ant MISOL o Mallorca Missionera.<\/p>\n<p>ES09 0487 2099 1890 0004 0940 &#8211; Associaci\u00f3 Miseric\u00f2rdia i Solidaritat (Franciscanes Filles de la Miseric\u00f2rdia)<br \/>\nES07 0061 0001 9112 8905 0212 &#8211; Associaci\u00f3 Miseric\u00f2rdia i Solidaritat (Franciscanes Filles de la Miseric\u00f2rdia)<br \/>\nES60 0061 0361 3700 14.780.115 &#8211; Mallorca Missionera (Bisbat de Mallorca)<\/p>\n<p>Concepte: ajuda inundacions Trujillo<\/p>\n<p>GR\u00c0CIES PER LA TEVA AJUDA!<\/p>\n<p><img decoding=\"async\" class=\"alignnone wp-image-653 size-full lazyload\" data-src=\"https:\/\/www.misolfranciscanas.org\/wp-content\/uploads\/2017\/03\/Inundaciones-en-Trujillo-1.jpg\" alt=\"Inundaciones en Trujillo (1)\" width=\"800\" height=\"600\" data-srcset=\"https:\/\/www.misolfranciscanas.org\/wp-content\/uploads\/2017\/03\/Inundaciones-en-Trujillo-1.jpg 800w, https:\/\/www.misolfranciscanas.org\/wp-content\/uploads\/2017\/03\/Inundaciones-en-Trujillo-1-300x225.jpg 300w, https:\/\/www.misolfranciscanas.org\/wp-content\/uploads\/2017\/03\/Inundaciones-en-Trujillo-1-768x576.jpg 768w, https:\/\/www.misolfranciscanas.org\/wp-content\/uploads\/2017\/03\/Inundaciones-en-Trujillo-1-600x450.jpg 600w\" data-sizes=\"(max-width: 800px) 100vw, 800px\" src=\"data:image\/gif;base64,R0lGODlhAQABAAAAACH5BAEKAAEALAAAAAABAAEAAAICTAEAOw==\" style=\"--smush-placeholder-width: 800px; --smush-placeholder-aspect-ratio: 800\/600;\" \/><\/p>\n<p style=\"text-align: center;\"><img decoding=\"async\" class=\"alignnone wp-image-654 size-full lazyload\" data-src=\"https:\/\/www.misolfranciscanas.org\/wp-content\/uploads\/2017\/03\/Inundaciones-en-Trujillo-2.jpg\" alt=\"\" width=\"800\" height=\"600\" data-srcset=\"https:\/\/www.misolfranciscanas.org\/wp-content\/uploads\/2017\/03\/Inundaciones-en-Trujillo-2.jpg 800w, https:\/\/www.misolfranciscanas.org\/wp-content\/uploads\/2017\/03\/Inundaciones-en-Trujillo-2-300x225.jpg 300w, https:\/\/www.misolfranciscanas.org\/wp-content\/uploads\/2017\/03\/Inundaciones-en-Trujillo-2-768x576.jpg 768w, https:\/\/www.misolfranciscanas.org\/wp-content\/uploads\/2017\/03\/Inundaciones-en-Trujillo-2-600x450.jpg 600w\" data-sizes=\"(max-width: 800px) 100vw, 800px\" src=\"data:image\/gif;base64,R0lGODlhAQABAAAAACH5BAEKAAEALAAAAAABAAEAAAICTAEAOw==\" style=\"--smush-placeholder-width: 800px; --smush-placeholder-aspect-ratio: 800\/600;\" \/> <img decoding=\"async\" class=\"alignnone wp-image-655 size-full lazyload\" data-src=\"https:\/\/www.misolfranciscanas.org\/wp-content\/uploads\/2017\/03\/Inundaciones-en-Trujillo-3.jpg\" alt=\"\" width=\"800\" height=\"600\" data-srcset=\"https:\/\/www.misolfranciscanas.org\/wp-content\/uploads\/2017\/03\/Inundaciones-en-Trujillo-3.jpg 800w, https:\/\/www.misolfranciscanas.org\/wp-content\/uploads\/2017\/03\/Inundaciones-en-Trujillo-3-300x225.jpg 300w, https:\/\/www.misolfranciscanas.org\/wp-content\/uploads\/2017\/03\/Inundaciones-en-Trujillo-3-768x576.jpg 768w, https:\/\/www.misolfranciscanas.org\/wp-content\/uploads\/2017\/03\/Inundaciones-en-Trujillo-3-600x450.jpg 600w\" data-sizes=\"(max-width: 800px) 100vw, 800px\" src=\"data:image\/gif;base64,R0lGODlhAQABAAAAACH5BAEKAAEALAAAAAABAAEAAAICTAEAOw==\" style=\"--smush-placeholder-width: 800px; --smush-placeholder-aspect-ratio: 800\/600;\" \/> <img decoding=\"async\" class=\"alignnone wp-image-656 size-full lazyload\" data-src=\"https:\/\/www.misolfranciscanas.org\/wp-content\/uploads\/2017\/03\/Inundaciones-en-Trujillo-4.jpg\" alt=\"\" width=\"235\" height=\"313\" data-srcset=\"https:\/\/www.misolfranciscanas.org\/wp-content\/uploads\/2017\/03\/Inundaciones-en-Trujillo-4.jpg 235w, https:\/\/www.misolfranciscanas.org\/wp-content\/uploads\/2017\/03\/Inundaciones-en-Trujillo-4-225x300.jpg 225w\" data-sizes=\"(max-width: 235px) 100vw, 235px\" src=\"data:image\/gif;base64,R0lGODlhAQABAAAAACH5BAEKAAEALAAAAAABAAEAAAICTAEAOw==\" style=\"--smush-placeholder-width: 235px; --smush-placeholder-aspect-ratio: 235\/313;\" \/> <img decoding=\"async\" class=\"alignnone wp-image-657 size-full lazyload\" data-src=\"https:\/\/www.misolfranciscanas.org\/wp-content\/uploads\/2017\/03\/Inundaciones-en-Trujillo-5.jpg\" alt=\"\" width=\"960\" height=\"576\" data-srcset=\"https:\/\/www.misolfranciscanas.org\/wp-content\/uploads\/2017\/03\/Inundaciones-en-Trujillo-5.jpg 960w, https:\/\/www.misolfranciscanas.org\/wp-content\/uploads\/2017\/03\/Inundaciones-en-Trujillo-5-300x180.jpg 300w, https:\/\/www.misolfranciscanas.org\/wp-content\/uploads\/2017\/03\/Inundaciones-en-Trujillo-5-768x461.jpg 768w, https:\/\/www.misolfranciscanas.org\/wp-content\/uploads\/2017\/03\/Inundaciones-en-Trujillo-5-600x360.jpg 600w\" data-sizes=\"(max-width: 960px) 100vw, 960px\" src=\"data:image\/gif;base64,R0lGODlhAQABAAAAACH5BAEKAAEALAAAAAABAAEAAAICTAEAOw==\" style=\"--smush-placeholder-width: 960px; --smush-placeholder-aspect-ratio: 960\/576;\" \/> <img decoding=\"async\" class=\"alignnone wp-image-658 size-full lazyload\" data-src=\"https:\/\/www.misolfranciscanas.org\/wp-content\/uploads\/2017\/03\/Inundaciones-en-Trujillo-6.jpg\" alt=\"\" width=\"960\" height=\"576\" data-srcset=\"https:\/\/www.misolfranciscanas.org\/wp-content\/uploads\/2017\/03\/Inundaciones-en-Trujillo-6.jpg 960w, https:\/\/www.misolfranciscanas.org\/wp-content\/uploads\/2017\/03\/Inundaciones-en-Trujillo-6-300x180.jpg 300w, https:\/\/www.misolfranciscanas.org\/wp-content\/uploads\/2017\/03\/Inundaciones-en-Trujillo-6-768x461.jpg 768w, https:\/\/www.misolfranciscanas.org\/wp-content\/uploads\/2017\/03\/Inundaciones-en-Trujillo-6-600x360.jpg 600w\" data-sizes=\"(max-width: 960px) 100vw, 960px\" src=\"data:image\/gif;base64,R0lGODlhAQABAAAAACH5BAEKAAEALAAAAAABAAEAAAICTAEAOw==\" style=\"--smush-placeholder-width: 960px; --smush-placeholder-aspect-ratio: 960\/576;\" \/> <img decoding=\"async\" class=\"alignnone wp-image-659 size-full lazyload\" data-src=\"https:\/\/www.misolfranciscanas.org\/wp-content\/uploads\/2017\/03\/Inundaciones-en-Trujillo-7.jpg\" alt=\"\" width=\"960\" height=\"720\" data-srcset=\"https:\/\/www.misolfranciscanas.org\/wp-content\/uploads\/2017\/03\/Inundaciones-en-Trujillo-7.jpg 960w, https:\/\/www.misolfranciscanas.org\/wp-content\/uploads\/2017\/03\/Inundaciones-en-Trujillo-7-300x225.jpg 300w, https:\/\/www.misolfranciscanas.org\/wp-content\/uploads\/2017\/03\/Inundaciones-en-Trujillo-7-768x576.jpg 768w, https:\/\/www.misolfranciscanas.org\/wp-content\/uploads\/2017\/03\/Inundaciones-en-Trujillo-7-600x450.jpg 600w\" data-sizes=\"(max-width: 960px) 100vw, 960px\" src=\"data:image\/gif;base64,R0lGODlhAQABAAAAACH5BAEKAAEALAAAAAABAAEAAAICTAEAOw==\" style=\"--smush-placeholder-width: 960px; --smush-placeholder-aspect-ratio: 960\/720;\" \/><\/p>\n","protected":false},"excerpt":{"rendered":"<p>Moltes fam\u00edlies del col\u00b7legi de les Germanes Franciscanes de la Miseric\u00f2rdia &#8220;El Miracle&#8221; a Trujillo, un dels projectes de MISOL a Per\u00fa, han estat greument damnificades amb motiu de la riuada d&#8217;aigua, fang i pedres provocada per pluges torrencials i el desbordament de la Trencada (Le\u00f3n Dormido).<\/p>\n","protected":false},"author":4,"featured_media":653,"comment_status":"closed","ping_status":"open","sticky":false,"template":"","format":"standard","meta":{"_acf_changed":false,"_genesis_hide_title":false,"_genesis_hide_breadcrumbs":false,"_genesis_hide_singular_image":false,"_genesis_hide_footer_widgets":false,"_genesis_custom_body_class":"","_genesis_custom_post_class":"","_genesis_layout":"","footnotes":""},"categories":[2],"tags":[],"class_list":{"0":"post-663","1":"post","2":"type-post","3":"status-publish","4":"format-standard","5":"has-post-thumbnail","7":"category-noticies","8":"entry"},"acf":[],"_links":{"self":[{"href":"https:\/\/www.misolfranciscanas.org\/ca\/wp-json\/wp\/v2\/posts\/663\/"}],"collection":[{"href":"https:\/\/www.misolfranciscanas.org\/ca\/wp-json\/wp\/v2\/posts\/"}],"about":[{"href":"https:\/\/www.misolfranciscanas.org\/ca\/wp-json\/wp\/v2\/types\/post\/"}],"author":[{"embeddable":true,"href":"https:\/\/www.misolfranciscanas.org\/ca\/wp-json\/wp\/v2\/users\/4\/"}],"replies":[{"embeddable":true,"href":"https:\/\/www.misolfranciscanas.org\/ca\/wp-json\/wp\/v2\/comments\/?post=663"}],"version-history":[{"count":0,"href":"https:\/\/www.misolfranciscanas.org\/ca\/wp-json\/wp\/v2\/posts\/663\/revisions\/"}],"wp:featuredmedia":[{"embeddable":true,"href":"https:\/\/www.misolfranciscanas.org\/ca\/wp-json\/wp\/v2\/media\/653\/"}],"wp:attachment":[{"href":"https:\/\/www.misolfranciscanas.org\/ca\/wp-json\/wp\/v2\/media\/?parent=663"}],"wp:term":[{"taxonomy":"category","embeddable":true,"href":"https:\/\/www.misolfranciscanas.org\/ca\/wp-json\/wp\/v2\/categories\/?post=663"},{"taxonomy":"post_tag","embeddable":true,"href":"https:\/\/www.misolfranciscanas.org\/ca\/wp-json\/wp\/v2\/tags\/?post=663"}],"curies":[{"name":"wp","href":"https:\/\/api.w.org\/{rel}","templated":true}]}}